{"id":61141,"date":"2025-05-26T11:30:48","date_gmt":"2025-05-26T09:30:48","guid":{"rendered":"https:\/\/www.vicoexport.com\/61141\/vico-export-firma-acuerdo-de-distribucion-con-das-solar-en-intersolar\/"},"modified":"2025-05-27T12:04:55","modified_gmt":"2025-05-27T10:04:55","slug":"vico-export-schliesst-vertriebsvereinbarung-mit-das-solar","status":"publish","type":"post","link":"https:\/\/www.vicoexport.com\/de\/61141\/vico-export-schliesst-vertriebsvereinbarung-mit-das-solar\/","title":{"rendered":"Vico Export schlie\u00dft Vertriebsvereinbarung mit DAS Solar"},"content":{"rendered":"<h1 style=\"text-align: center;\" data-start=\"91\" data-end=\"223\"><strong>Vico Export schlie\u00dft Vertriebsvereinbarung mit DAS Solar<\/strong><\/h1>\n<p data-start=\"159\" data-end=\"454\">Im Rahmen der Messe Intersolar Europe haben wir eine Vertriebsvereinbarung mit DAS Solar unterzeichnet \u2013 einem der innovativsten Hersteller von Photovoltaiktechnologie auf dem Markt. Die Unterzeichnung fand an ihrem offiziellen Stand statt und wurde von unserem CEO,<strong> Juan Carlos Vico<\/strong>, begleitet.<\/p>\n<p data-start=\"456\" data-end=\"841\">Diese Vereinbarung stellt einen strategischen Schritt in unserer Mission dar, unseren professionellen Kunden leistungsstarke Solarl\u00f6sungen anzubieten. Die Integration der<strong> N-Type<\/strong>-Module mit TOPCon 5.0-Technologie von DAS Solar erweitert unser Sortiment um Module mit hoher Effizienz, exzellentem Verhalten bei geringer Einstrahlung und Zuverl\u00e4ssigkeit unter anspruchsvollen Bedingungen.<\/p>\n<p data-start=\"767\" data-end=\"1202\"><a href=\"https:\/\/www.vicoexport.com\/wp-content\/uploads\/2025\/05\/das-solar-fima-intersolar-con-vico-export-solar-energy.png\"><img loading=\"lazy\" decoding=\"async\" class=\"aligncenter wp-image-61118 \" src=\"https:\/\/www.vicoexport.com\/wp-content\/uploads\/2025\/05\/das-solar-fima-intersolar-con-vico-export-solar-energy.png\" alt=\"\" width=\"1512\" height=\"551\" srcset=\"https:\/\/www.vicoexport.com\/wp-content\/uploads\/2025\/05\/das-solar-fima-intersolar-con-vico-export-solar-energy.png 1920w, https:\/\/www.vicoexport.com\/wp-content\/uploads\/2025\/05\/das-solar-fima-intersolar-con-vico-export-solar-energy-300x109.png 300w, https:\/\/www.vicoexport.com\/wp-content\/uploads\/2025\/05\/das-solar-fima-intersolar-con-vico-export-solar-energy-1024x373.png 1024w, https:\/\/www.vicoexport.com\/wp-content\/uploads\/2025\/05\/das-solar-fima-intersolar-con-vico-export-solar-energy-768x280.png 768w, https:\/\/www.vicoexport.com\/wp-content\/uploads\/2025\/05\/das-solar-fima-intersolar-con-vico-export-solar-energy-1536x560.png 1536w, https:\/\/www.vicoexport.com\/wp-content\/uploads\/2025\/05\/das-solar-fima-intersolar-con-vico-export-solar-energy-133x48.png 133w, https:\/\/www.vicoexport.com\/wp-content\/uploads\/2025\/05\/das-solar-fima-intersolar-con-vico-export-solar-energy-235x86.png 235w, https:\/\/www.vicoexport.com\/wp-content\/uploads\/2025\/05\/das-solar-fima-intersolar-con-vico-export-solar-energy-480x175.png 480w, https:\/\/www.vicoexport.com\/wp-content\/uploads\/2025\/05\/das-solar-fima-intersolar-con-vico-export-solar-energy-740x270.png 740w, https:\/\/www.vicoexport.com\/wp-content\/uploads\/2025\/05\/das-solar-fima-intersolar-con-vico-export-solar-energy-1520x554.png 1520w, https:\/\/www.vicoexport.com\/wp-content\/uploads\/2025\/05\/das-solar-fima-intersolar-con-vico-export-solar-energy-600x219.png 600w\" sizes=\"auto, (max-width: 1512px) 100vw, 1512px\" \/><\/a><\/p>\n<h3 data-start=\"1204\" data-end=\"1249\"><\/h3>\n<h3 data-start=\"1204\" data-end=\"1249\"><strong>Ein technologischer Partner mit Weitblick<\/strong><\/h3>\n<p data-start=\"1251\" data-end=\"1616\">DAS Solar hat seine Pr\u00e4senz in Europa durch Partnerschaften mit f\u00fchrenden Distributoren in Deutschland, \u00d6sterreich, den Niederlanden, Frankreich und nun auch in Spanien gefestigt \u2013 mit Vico Export Solar Energy als neuem Partner. Dieser Schritt st\u00e4rkt unsere Strategie, mit Herstellern zusammenzuarbeiten, die unseren Anspruch an Qualit\u00e4t, Innovation und Service teilen.<\/p>\n<h3 data-start=\"1302\" data-end=\"1356\"><strong data-start=\"1302\" data-end=\"1356\">Engagement f\u00fcr ein nachhaltigeres Energiemodell<\/strong><\/h3>\n<p data-start=\"1314\" data-end=\"1686\">Mit \u00fcber 15 Jahren Erfahrung und einem etablierten Logistiknetzwerk in Europa, Nordafrika und Lateinamerika st\u00e4rken wir bei Vico Export kontinuierlich unser Leistungsversprechen. Die Partnerschaft mit DAS Solar verbessert nicht nur die Verf\u00fcgbarkeit fortschrittlicher L\u00f6sungen f\u00fcr unsere Kunden, sondern unterstreicht auch unsere aktive Rolle im Wandel des Energiemodells.<\/p>\n<p data-start=\"1688\" data-end=\"1836\">Wir setzen unseren Weg mit einem klaren Ziel fort: den Zugang zu zuverl\u00e4ssiger, wettbewerbsf\u00e4higer und nachhaltiger Solartechnologie zu erleichtern.<\/p>\n<p style=\"text-align: center;\"><a class=\"btn btn-primary\" style=\"margin-top: 30px; color: #fffff; background-color: #558f98; border-color: #558F98;\" href=\"https:\/\/www.vicoexport.com\/de\/home-es\/solarmodulen\/das-solar\/\" target=\"_blank\" rel=\"noopener\">Erfahren Sie mehr \u00fcber DAS Solar\u00a0<\/a><\/p>\n<p>&nbsp;<\/p>\n<p>&nbsp;<\/p>\n<p>&nbsp;<\/p>\n","protected":false},"excerpt":{"rendered":"<p>Vico Export schlie\u00dft Vertriebsvereinbarung mit DAS Solar Im Rahmen der Messe Intersolar Europe haben wir eine Vertriebsvereinbarung mit DAS Solar unterzeichnet \u2013 einem der innovativsten Hersteller von Photovoltaiktechnologie auf dem Markt. Die Unterzeichnung fand an ihrem offiziellen Stand statt und wurde von unserem CEO, Juan Carlos Vico, begleitet. Diese Vereinbarung stellt einen strategischen Schritt in [&hellip;]<\/p>\n","protected":false},"author":1,"featured_media":61131,"comment_status":"closed","ping_status":"open","sticky":false,"template":"","format":"standard","meta":{"_joinchat":[],"footnotes":""},"categories":[696],"tags":[],"class_list":["post-61141","post","type-post","status-publish","format-standard","has-post-thumbnail","hentry","category-unkategorisiert"],"yoast_head":"<!-- This site is optimized with the Yoast SEO plugin v27.5 - https:\/\/yoast.com\/product\/yoast-seo-wordpress\/ -->\n<title>Vico Export und DAS Solar | Blog Vico Export<\/title>\n<meta name=\"description\" content=\"Vico Export und DAS Solar unterzeichnen auf der Intersolar eine Vertriebsvereinbarung, um TOPCon-Module auf den spanischen Markt zu bringen.\" \/>\n<meta name=\"robots\" content=\"index, follow, max-snippet:-1, max-image-preview:large, max-video-preview:-1\" \/>\n<link rel=\"canonical\" href=\"https:\/\/www.vicoexport.com\/de\/61141\/vico-export-schliesst-vertriebsvereinbarung-mit-das-solar\/\" \/>\n<meta property=\"og:locale\" content=\"de_DE\" \/>\n<meta property=\"og:type\" content=\"article\" \/>\n<meta property=\"og:title\" content=\"Vico Export und DAS Solar | Blog Vico Export\" \/>\n<meta property=\"og:description\" content=\"Vico Export und DAS Solar unterzeichnen auf der Intersolar eine Vertriebsvereinbarung, um TOPCon-Module auf den spanischen Markt zu bringen.\" \/>\n<meta property=\"og:url\" content=\"https:\/\/www.vicoexport.com\/de\/61141\/vico-export-schliesst-vertriebsvereinbarung-mit-das-solar\/\" \/>\n<meta property=\"og:site_name\" content=\"Vico Export Solar Energy\" \/>\n<meta property=\"article:publisher\" content=\"https:\/\/www.facebook.com\/vicoexport.vicoexportsolar\" \/>\n<meta property=\"article:published_time\" content=\"2025-05-26T09:30:48+00:00\" \/>\n<meta property=\"article:modified_time\" content=\"2025-05-27T10:04:55+00:00\" \/>\n<meta property=\"og:image\" content=\"https:\/\/www.vicoexport.com\/wp-content\/uploads\/2025\/05\/BLOG-acuerdo-intersolar-aleman.png\" \/>\n\t<meta property=\"og:image:width\" content=\"1920\" \/>\n\t<meta property=\"og:image:height\" content=\"600\" \/>\n\t<meta property=\"og:image:type\" content=\"image\/png\" \/>\n<meta name=\"author\" content=\"vico2015\" \/>\n<meta name=\"twitter:card\" content=\"summary_large_image\" \/>\n<meta name=\"twitter:creator\" content=\"@VicoExportSolar\" \/>\n<meta name=\"twitter:site\" content=\"@VicoExportSolar\" \/>\n<script type=\"application\/ld+json\" class=\"yoast-schema-graph\">{\"@context\":\"https:\\\/\\\/schema.org\",\"@graph\":[{\"@type\":\"Article\",\"@id\":\"https:\\\/\\\/www.vicoexport.com\\\/de\\\/61141\\\/vico-export-schliesst-vertriebsvereinbarung-mit-das-solar\\\/#article\",\"isPartOf\":{\"@id\":\"https:\\\/\\\/www.vicoexport.com\\\/de\\\/61141\\\/vico-export-schliesst-vertriebsvereinbarung-mit-das-solar\\\/\"},\"author\":{\"name\":\"vico2015\",\"@id\":\"https:\\\/\\\/www.vicoexport.com\\\/#\\\/schema\\\/person\\\/f1869a0dea82005a18c207f1856294d5\"},\"headline\":\"Vico Export schlie\u00dft Vertriebsvereinbarung mit DAS Solar\",\"datePublished\":\"2025-05-26T09:30:48+00:00\",\"dateModified\":\"2025-05-27T10:04:55+00:00\",\"mainEntityOfPage\":{\"@id\":\"https:\\\/\\\/www.vicoexport.com\\\/de\\\/61141\\\/vico-export-schliesst-vertriebsvereinbarung-mit-das-solar\\\/\"},\"wordCount\":246,\"publisher\":{\"@id\":\"https:\\\/\\\/www.vicoexport.com\\\/#organization\"},\"image\":{\"@id\":\"https:\\\/\\\/www.vicoexport.com\\\/de\\\/61141\\\/vico-export-schliesst-vertriebsvereinbarung-mit-das-solar\\\/#primaryimage\"},\"thumbnailUrl\":\"https:\\\/\\\/www.vicoexport.com\\\/wp-content\\\/uploads\\\/2025\\\/05\\\/BLOG-acuerdo-intersolar-aleman.png\",\"articleSection\":[\"Unkategorisiert\"],\"inLanguage\":\"de\"},{\"@type\":\"WebPage\",\"@id\":\"https:\\\/\\\/www.vicoexport.com\\\/de\\\/61141\\\/vico-export-schliesst-vertriebsvereinbarung-mit-das-solar\\\/\",\"url\":\"https:\\\/\\\/www.vicoexport.com\\\/de\\\/61141\\\/vico-export-schliesst-vertriebsvereinbarung-mit-das-solar\\\/\",\"name\":\"Vico Export und DAS Solar | Blog Vico Export\",\"isPartOf\":{\"@id\":\"https:\\\/\\\/www.vicoexport.com\\\/#website\"},\"primaryImageOfPage\":{\"@id\":\"https:\\\/\\\/www.vicoexport.com\\\/de\\\/61141\\\/vico-export-schliesst-vertriebsvereinbarung-mit-das-solar\\\/#primaryimage\"},\"image\":{\"@id\":\"https:\\\/\\\/www.vicoexport.com\\\/de\\\/61141\\\/vico-export-schliesst-vertriebsvereinbarung-mit-das-solar\\\/#primaryimage\"},\"thumbnailUrl\":\"https:\\\/\\\/www.vicoexport.com\\\/wp-content\\\/uploads\\\/2025\\\/05\\\/BLOG-acuerdo-intersolar-aleman.png\",\"datePublished\":\"2025-05-26T09:30:48+00:00\",\"dateModified\":\"2025-05-27T10:04:55+00:00\",\"description\":\"Vico Export und DAS Solar unterzeichnen auf der Intersolar eine Vertriebsvereinbarung, um TOPCon-Module auf den spanischen Markt zu bringen.\",\"breadcrumb\":{\"@id\":\"https:\\\/\\\/www.vicoexport.com\\\/de\\\/61141\\\/vico-export-schliesst-vertriebsvereinbarung-mit-das-solar\\\/#breadcrumb\"},\"inLanguage\":\"de\",\"potentialAction\":[{\"@type\":\"ReadAction\",\"target\":[\"https:\\\/\\\/www.vicoexport.com\\\/de\\\/61141\\\/vico-export-schliesst-vertriebsvereinbarung-mit-das-solar\\\/\"]}]},{\"@type\":\"ImageObject\",\"inLanguage\":\"de\",\"@id\":\"https:\\\/\\\/www.vicoexport.com\\\/de\\\/61141\\\/vico-export-schliesst-vertriebsvereinbarung-mit-das-solar\\\/#primaryimage\",\"url\":\"https:\\\/\\\/www.vicoexport.com\\\/wp-content\\\/uploads\\\/2025\\\/05\\\/BLOG-acuerdo-intersolar-aleman.png\",\"contentUrl\":\"https:\\\/\\\/www.vicoexport.com\\\/wp-content\\\/uploads\\\/2025\\\/05\\\/BLOG-acuerdo-intersolar-aleman.png\",\"width\":1920,\"height\":600,\"caption\":\"acuerdo intersolar\"},{\"@type\":\"BreadcrumbList\",\"@id\":\"https:\\\/\\\/www.vicoexport.com\\\/de\\\/61141\\\/vico-export-schliesst-vertriebsvereinbarung-mit-das-solar\\\/#breadcrumb\",\"itemListElement\":[{\"@type\":\"ListItem\",\"position\":1,\"name\":\"Portada\",\"item\":\"https:\\\/\\\/www.vicoexport.com\\\/de\\\/\"},{\"@type\":\"ListItem\",\"position\":2,\"name\":\"Vico Export schlie\u00dft Vertriebsvereinbarung mit DAS Solar\"}]},{\"@type\":\"WebSite\",\"@id\":\"https:\\\/\\\/www.vicoexport.com\\\/#website\",\"url\":\"https:\\\/\\\/www.vicoexport.com\\\/\",\"name\":\"Vico Export Solar Energy\",\"description\":\"Vico Export Solar Energy Distribuidor Mayorista de Paneles Solares Fotovoltaicos\",\"publisher\":{\"@id\":\"https:\\\/\\\/www.vicoexport.com\\\/#organization\"},\"potentialAction\":[{\"@type\":\"SearchAction\",\"target\":{\"@type\":\"EntryPoint\",\"urlTemplate\":\"https:\\\/\\\/www.vicoexport.com\\\/?s={search_term_string}\"},\"query-input\":{\"@type\":\"PropertyValueSpecification\",\"valueRequired\":true,\"valueName\":\"search_term_string\"}}],\"inLanguage\":\"de\"},{\"@type\":\"Organization\",\"@id\":\"https:\\\/\\\/www.vicoexport.com\\\/#organization\",\"name\":\"Vico Export Solar Energy\",\"url\":\"https:\\\/\\\/www.vicoexport.com\\\/\",\"logo\":{\"@type\":\"ImageObject\",\"inLanguage\":\"de\",\"@id\":\"https:\\\/\\\/www.vicoexport.com\\\/#\\\/schema\\\/logo\\\/image\\\/\",\"url\":\"https:\\\/\\\/www.vicoexport.com\\\/wp-content\\\/uploads\\\/2018\\\/02\\\/Vico-Export-Solar-energy.jpg\",\"contentUrl\":\"https:\\\/\\\/www.vicoexport.com\\\/wp-content\\\/uploads\\\/2018\\\/02\\\/Vico-Export-Solar-energy.jpg\",\"width\":1006,\"height\":1024,\"caption\":\"Vico Export Solar Energy\"},\"image\":{\"@id\":\"https:\\\/\\\/www.vicoexport.com\\\/#\\\/schema\\\/logo\\\/image\\\/\"},\"sameAs\":[\"https:\\\/\\\/www.facebook.com\\\/vicoexport.vicoexportsolar\",\"https:\\\/\\\/x.com\\\/VicoExportSolar\",\"https:\\\/\\\/www.instagram.com\\\/vico_export_solar_energy\",\"https:\\\/\\\/www.linkedin.com\\\/in\\\/vicoexport\",\"https:\\\/\\\/www.youtube.com\\\/user\\\/vicoexport\\\/\"]},{\"@type\":\"Person\",\"@id\":\"https:\\\/\\\/www.vicoexport.com\\\/#\\\/schema\\\/person\\\/f1869a0dea82005a18c207f1856294d5\",\"name\":\"vico2015\",\"image\":{\"@type\":\"ImageObject\",\"inLanguage\":\"de\",\"@id\":\"https:\\\/\\\/secure.gravatar.com\\\/avatar\\\/1527ed84a3b0f5293988b2c8ee7e0b10090a8b494d6d4393f93c86f39bea37b2?s=96&d=wavatar&r=g\",\"url\":\"https:\\\/\\\/secure.gravatar.com\\\/avatar\\\/1527ed84a3b0f5293988b2c8ee7e0b10090a8b494d6d4393f93c86f39bea37b2?s=96&d=wavatar&r=g\",\"contentUrl\":\"https:\\\/\\\/secure.gravatar.com\\\/avatar\\\/1527ed84a3b0f5293988b2c8ee7e0b10090a8b494d6d4393f93c86f39bea37b2?s=96&d=wavatar&r=g\",\"caption\":\"vico2015\"}}]}<\/script>\n<!-- \/ Yoast SEO plugin. -->","yoast_head_json":{"title":"Vico Export und DAS Solar | Blog Vico Export","description":"Vico Export und DAS Solar unterzeichnen auf der Intersolar eine Vertriebsvereinbarung, um TOPCon-Module auf den spanischen Markt zu bringen.","robots":{"index":"index","follow":"follow","max-snippet":"max-snippet:-1","max-image-preview":"max-image-preview:large","max-video-preview":"max-video-preview:-1"},"canonical":"https:\/\/www.vicoexport.com\/de\/61141\/vico-export-schliesst-vertriebsvereinbarung-mit-das-solar\/","og_locale":"de_DE","og_type":"article","og_title":"Vico Export und DAS Solar | Blog Vico Export","og_description":"Vico Export und DAS Solar unterzeichnen auf der Intersolar eine Vertriebsvereinbarung, um TOPCon-Module auf den spanischen Markt zu bringen.","og_url":"https:\/\/www.vicoexport.com\/de\/61141\/vico-export-schliesst-vertriebsvereinbarung-mit-das-solar\/","og_site_name":"Vico Export Solar Energy","article_publisher":"https:\/\/www.facebook.com\/vicoexport.vicoexportsolar","article_published_time":"2025-05-26T09:30:48+00:00","article_modified_time":"2025-05-27T10:04:55+00:00","og_image":[{"width":1920,"height":600,"url":"https:\/\/www.vicoexport.com\/wp-content\/uploads\/2025\/05\/BLOG-acuerdo-intersolar-aleman.png","type":"image\/png"}],"author":"vico2015","twitter_card":"summary_large_image","twitter_creator":"@VicoExportSolar","twitter_site":"@VicoExportSolar","schema":{"@context":"https:\/\/schema.org","@graph":[{"@type":"Article","@id":"https:\/\/www.vicoexport.com\/de\/61141\/vico-export-schliesst-vertriebsvereinbarung-mit-das-solar\/#article","isPartOf":{"@id":"https:\/\/www.vicoexport.com\/de\/61141\/vico-export-schliesst-vertriebsvereinbarung-mit-das-solar\/"},"author":{"name":"vico2015","@id":"https:\/\/www.vicoexport.com\/#\/schema\/person\/f1869a0dea82005a18c207f1856294d5"},"headline":"Vico Export schlie\u00dft Vertriebsvereinbarung mit DAS Solar","datePublished":"2025-05-26T09:30:48+00:00","dateModified":"2025-05-27T10:04:55+00:00","mainEntityOfPage":{"@id":"https:\/\/www.vicoexport.com\/de\/61141\/vico-export-schliesst-vertriebsvereinbarung-mit-das-solar\/"},"wordCount":246,"publisher":{"@id":"https:\/\/www.vicoexport.com\/#organization"},"image":{"@id":"https:\/\/www.vicoexport.com\/de\/61141\/vico-export-schliesst-vertriebsvereinbarung-mit-das-solar\/#primaryimage"},"thumbnailUrl":"https:\/\/www.vicoexport.com\/wp-content\/uploads\/2025\/05\/BLOG-acuerdo-intersolar-aleman.png","articleSection":["Unkategorisiert"],"inLanguage":"de"},{"@type":"WebPage","@id":"https:\/\/www.vicoexport.com\/de\/61141\/vico-export-schliesst-vertriebsvereinbarung-mit-das-solar\/","url":"https:\/\/www.vicoexport.com\/de\/61141\/vico-export-schliesst-vertriebsvereinbarung-mit-das-solar\/","name":"Vico Export und DAS Solar | Blog Vico Export","isPartOf":{"@id":"https:\/\/www.vicoexport.com\/#website"},"primaryImageOfPage":{"@id":"https:\/\/www.vicoexport.com\/de\/61141\/vico-export-schliesst-vertriebsvereinbarung-mit-das-solar\/#primaryimage"},"image":{"@id":"https:\/\/www.vicoexport.com\/de\/61141\/vico-export-schliesst-vertriebsvereinbarung-mit-das-solar\/#primaryimage"},"thumbnailUrl":"https:\/\/www.vicoexport.com\/wp-content\/uploads\/2025\/05\/BLOG-acuerdo-intersolar-aleman.png","datePublished":"2025-05-26T09:30:48+00:00","dateModified":"2025-05-27T10:04:55+00:00","description":"Vico Export und DAS Solar unterzeichnen auf der Intersolar eine Vertriebsvereinbarung, um TOPCon-Module auf den spanischen Markt zu bringen.","breadcrumb":{"@id":"https:\/\/www.vicoexport.com\/de\/61141\/vico-export-schliesst-vertriebsvereinbarung-mit-das-solar\/#breadcrumb"},"inLanguage":"de","potentialAction":[{"@type":"ReadAction","target":["https:\/\/www.vicoexport.com\/de\/61141\/vico-export-schliesst-vertriebsvereinbarung-mit-das-solar\/"]}]},{"@type":"ImageObject","inLanguage":"de","@id":"https:\/\/www.vicoexport.com\/de\/61141\/vico-export-schliesst-vertriebsvereinbarung-mit-das-solar\/#primaryimage","url":"https:\/\/www.vicoexport.com\/wp-content\/uploads\/2025\/05\/BLOG-acuerdo-intersolar-aleman.png","contentUrl":"https:\/\/www.vicoexport.com\/wp-content\/uploads\/2025\/05\/BLOG-acuerdo-intersolar-aleman.png","width":1920,"height":600,"caption":"acuerdo intersolar"},{"@type":"BreadcrumbList","@id":"https:\/\/www.vicoexport.com\/de\/61141\/vico-export-schliesst-vertriebsvereinbarung-mit-das-solar\/#breadcrumb","itemListElement":[{"@type":"ListItem","position":1,"name":"Portada","item":"https:\/\/www.vicoexport.com\/de\/"},{"@type":"ListItem","position":2,"name":"Vico Export schlie\u00dft Vertriebsvereinbarung mit DAS Solar"}]},{"@type":"WebSite","@id":"https:\/\/www.vicoexport.com\/#website","url":"https:\/\/www.vicoexport.com\/","name":"Vico Export Solar Energy","description":"Vico Export Solar Energy Distribuidor Mayorista de Paneles Solares Fotovoltaicos","publisher":{"@id":"https:\/\/www.vicoexport.com\/#organization"},"potentialAction":[{"@type":"SearchAction","target":{"@type":"EntryPoint","urlTemplate":"https:\/\/www.vicoexport.com\/?s={search_term_string}"},"query-input":{"@type":"PropertyValueSpecification","valueRequired":true,"valueName":"search_term_string"}}],"inLanguage":"de"},{"@type":"Organization","@id":"https:\/\/www.vicoexport.com\/#organization","name":"Vico Export Solar Energy","url":"https:\/\/www.vicoexport.com\/","logo":{"@type":"ImageObject","inLanguage":"de","@id":"https:\/\/www.vicoexport.com\/#\/schema\/logo\/image\/","url":"https:\/\/www.vicoexport.com\/wp-content\/uploads\/2018\/02\/Vico-Export-Solar-energy.jpg","contentUrl":"https:\/\/www.vicoexport.com\/wp-content\/uploads\/2018\/02\/Vico-Export-Solar-energy.jpg","width":1006,"height":1024,"caption":"Vico Export Solar Energy"},"image":{"@id":"https:\/\/www.vicoexport.com\/#\/schema\/logo\/image\/"},"sameAs":["https:\/\/www.facebook.com\/vicoexport.vicoexportsolar","https:\/\/x.com\/VicoExportSolar","https:\/\/www.instagram.com\/vico_export_solar_energy","https:\/\/www.linkedin.com\/in\/vicoexport","https:\/\/www.youtube.com\/user\/vicoexport\/"]},{"@type":"Person","@id":"https:\/\/www.vicoexport.com\/#\/schema\/person\/f1869a0dea82005a18c207f1856294d5","name":"vico2015","image":{"@type":"ImageObject","inLanguage":"de","@id":"https:\/\/secure.gravatar.com\/avatar\/1527ed84a3b0f5293988b2c8ee7e0b10090a8b494d6d4393f93c86f39bea37b2?s=96&d=wavatar&r=g","url":"https:\/\/secure.gravatar.com\/avatar\/1527ed84a3b0f5293988b2c8ee7e0b10090a8b494d6d4393f93c86f39bea37b2?s=96&d=wavatar&r=g","contentUrl":"https:\/\/secure.gravatar.com\/avatar\/1527ed84a3b0f5293988b2c8ee7e0b10090a8b494d6d4393f93c86f39bea37b2?s=96&d=wavatar&r=g","caption":"vico2015"}}]}},"_links":{"self":[{"href":"https:\/\/www.vicoexport.com\/de\/wp-json\/wp\/v2\/posts\/61141","targetHints":{"allow":["GET"]}}],"collection":[{"href":"https:\/\/www.vicoexport.com\/de\/wp-json\/wp\/v2\/posts"}],"about":[{"href":"https:\/\/www.vicoexport.com\/de\/wp-json\/wp\/v2\/types\/post"}],"author":[{"embeddable":true,"href":"https:\/\/www.vicoexport.com\/de\/wp-json\/wp\/v2\/users\/1"}],"replies":[{"embeddable":true,"href":"https:\/\/www.vicoexport.com\/de\/wp-json\/wp\/v2\/comments?post=61141"}],"version-history":[{"count":0,"href":"https:\/\/www.vicoexport.com\/de\/wp-json\/wp\/v2\/posts\/61141\/revisions"}],"wp:featuredmedia":[{"embeddable":true,"href":"https:\/\/www.vicoexport.com\/de\/wp-json\/wp\/v2\/media\/61131"}],"wp:attachment":[{"href":"https:\/\/www.vicoexport.com\/de\/wp-json\/wp\/v2\/media?parent=61141"}],"wp:term":[{"taxonomy":"category","embeddable":true,"href":"https:\/\/www.vicoexport.com\/de\/wp-json\/wp\/v2\/categories?post=61141"},{"taxonomy":"post_tag","embeddable":true,"href":"https:\/\/www.vicoexport.com\/de\/wp-json\/wp\/v2\/tags?post=61141"}],"curies":[{"name":"wp","href":"https:\/\/api.w.org\/{rel}","templated":true}]}}